{"id":8080,"date":"2026-09-01T15:05:46","date_gmt":"2026-09-01T13:05:46","guid":{"rendered":"https:\/\/stempelwolke.de\/?p=8080"},"modified":"2026-09-01T15:05:46","modified_gmt":"2026-09-01T13:05:46","slug":"kleiner-gruss-herbstlich","status":"publish","type":"post","link":"https:\/\/stempelwolke.de\/index.php\/2026\/09\/01\/kleiner-gruss-herbstlich\/","title":{"rendered":"Kleiner Gru\u00df &#8211; Herbstlich"},"content":{"rendered":"<p><img loading=\"lazy\" decoding=\"async\" class=\"alignright wp-image-8064 \" src=\"https:\/\/stempelwolke.de\/wp-content\/uploads\/2026\/09\/20260830_183024_resized-e1788267867225.jpg\" alt=\"\" width=\"320\" height=\"404\" srcset=\"https:\/\/stempelwolke.de\/wp-content\/uploads\/2026\/09\/20260830_183024_resized-e1788267867225.jpg 574w, https:\/\/stempelwolke.de\/wp-content\/uploads\/2026\/09\/20260830_183024_resized-e1788267867225-238x300.jpg 238w\" sizes=\"auto, (max-width: 320px) 100vw, 320px\" \/><\/p>\n<p>Heute ist der neue Katalog online gegangen. Der Herbst-\/ Weihnachtskatalog gilt ab heute bis 04.01.2027.<\/p>\n<p>Dar\u00fcber hinaus gibt es noch viele andere Neuigkeiten, wie ein neues Produkt des Monats, neue Kreativsets &amp; Neuheiten f\u00fcr das Hei\u00dffolieren.<\/p>\n<p>In herbstlichen Farben (Terrakotta und Heidebl\u00fcte) habe ich mit den neuen Stanzformen &#8218;Weihnachtsfreude mit Wellenrand&#8216; und dem Stempelset &#8218;Kleiner Gru\u00df&#8216; eine Verpackung f\u00fcr Augenpads aus einem Drogeriemarkt gewerkelt.<\/p>\n<p><img loading=\"lazy\" decoding=\"async\" class=\"alignleft wp-image-8065 \" src=\"https:\/\/stempelwolke.de\/wp-content\/uploads\/2026\/09\/20260830_183040_resized-e1788267831893.jpg\" alt=\"\" width=\"371\" height=\"584\" srcset=\"https:\/\/stempelwolke.de\/wp-content\/uploads\/2026\/09\/20260830_183040_resized-e1788267831893.jpg 574w, https:\/\/stempelwolke.de\/wp-content\/uploads\/2026\/09\/20260830_183040_resized-e1788267831893-190x300.jpg 190w\" sizes=\"auto, (max-width: 371px) 100vw, 371px\" \/><\/p>\n<p><em>Der Beitrag enth\u00e4lt Werbung wegen Markenerkennung \u2013 unbezahlt und unbeauftragt.<\/em><\/p>\n","protected":false},"excerpt":{"rendered":"<p>Heute ist der neue Katalog online gegangen. Der Herbst-\/ Weihnachtskatalog gilt ab heute bis 04.01.2027. Dar\u00fcber hinaus gibt es noch viele andere Neuigkeiten, wie ein neues Produkt des Monats, neue Kreativsets &amp; Neuheiten f\u00fcr das Hei\u00dffolieren. In herbstlichen Farben (Terrakotta und Heidebl\u00fcte) habe ich mit den neuen Stanzformen &#8218;Weihnachtsfreude mit Wellenrand&#8216; und dem Stempelset &#8218;Kleiner &hellip; <\/p>\n<p class=\"link-more\"><a href=\"https:\/\/stempelwolke.de\/index.php\/2026\/09\/01\/kleiner-gruss-herbstlich\/\" class=\"more-link\"><span class=\"screen-reader-text\">\u201eKleiner Gru\u00df &#8211; Herbstlich\u201c <\/span>weiterlesen<\/a><\/p>\n","protected":false},"author":2,"featured_media":0,"comment_status":"closed","ping_status":"closed","sticky":false,"template":"","format":"standard","meta":{"footnotes":""},"categories":[8,3],"tags":[],"class_list":["post-8080","post","type-post","status-publish","format-standard","hentry","category-goodies","category-verpackung"],"_links":{"self":[{"href":"https:\/\/stempelwolke.de\/index.php\/wp-json\/wp\/v2\/posts\/8080","targetHints":{"allow":["GET"]}}],"collection":[{"href":"https:\/\/stempelwolke.de\/index.php\/wp-json\/wp\/v2\/posts"}],"about":[{"href":"https:\/\/stempelwolke.de\/index.php\/wp-json\/wp\/v2\/types\/post"}],"author":[{"embeddable":true,"href":"https:\/\/stempelwolke.de\/index.php\/wp-json\/wp\/v2\/users\/2"}],"replies":[{"embeddable":true,"href":"https:\/\/stempelwolke.de\/index.php\/wp-json\/wp\/v2\/comments?post=8080"}],"version-history":[{"count":1,"href":"https:\/\/stempelwolke.de\/index.php\/wp-json\/wp\/v2\/posts\/8080\/revisions"}],"predecessor-version":[{"id":8081,"href":"https:\/\/stempelwolke.de\/index.php\/wp-json\/wp\/v2\/posts\/8080\/revisions\/8081"}],"wp:attachment":[{"href":"https:\/\/stempelwolke.de\/index.php\/wp-json\/wp\/v2\/media?parent=8080"}],"wp:term":[{"taxonomy":"category","embeddable":true,"href":"https:\/\/stempelwolke.de\/index.php\/wp-json\/wp\/v2\/categories?post=8080"},{"taxonomy":"post_tag","embeddable":true,"href":"https:\/\/stempelwolke.de\/index.php\/wp-json\/wp\/v2\/tags?post=8080"}],"curies":[{"name":"wp","href":"https:\/\/api.w.org\/{rel}","templated":true}]}}